[{"@context":"https:\/\/schema.org\/","@type":"Article","@id":"https:\/\/www.prohlidni.cz\/kazdy-jsme-zodpovedny-za-sve-stesti\/#Article","mainEntityOfPage":"https:\/\/www.prohlidni.cz\/kazdy-jsme-zodpovedny-za-sve-stesti\/","headline":"Ka\u017ed\u00fd jsme zodpov\u011bdn\u00fd za sv\u00e9 \u0161t\u011bst\u00ed","name":"Ka\u017ed\u00fd jsme zodpov\u011bdn\u00fd za sv\u00e9 \u0161t\u011bst\u00ed","description":"Snad ka\u017ed\u00fd z n\u00e1s m\u00e1 ve sv\u00e9m okol\u00ed n\u011bkoho, kdo je v\u011b\u010dn\u011b nespokojen\u00fd. Svou nespokojenost tito lid\u00e9 \u010dasto zd\u016fvod\u0148uj\u00ed t\u00edm, \u017ee v\u011bci v jejich \u017eivot\u011b nejsou takov\u00e9, jak by si oni p\u0159edstavovali. V n\u011bkter\u00fdch p\u0159\u00edpadech jde o v\u011bci, kter\u00e9 nelze zm\u011bnit: v takov\u00fdch p\u0159\u00edpadech negativn\u00ed pocity pramen\u00ed z neschopnosti \u010di neochoty p\u0159ijmout skute\u010dnost takovou, jak\u00e1 [&hellip;]","datePublished":"2018-08-03","dateModified":"2023-05-31","author":{"@type":"Person","@id":"https:\/\/www.prohlidni.cz\/author\/#Person","name":"","url":"https:\/\/www.prohlidni.cz\/author\/","identifier":1,"image":{"@type":"ImageObject","@id":"https:\/\/secure.gravatar.com\/avatar\/325464d7e09ffe52889ba6983accc5cdb65d0a54acd9a25cd7e409bd3eba713a?s=96&d=mm&r=g","url":"https:\/\/secure.gravatar.com\/avatar\/325464d7e09ffe52889ba6983accc5cdb65d0a54acd9a25cd7e409bd3eba713a?s=96&d=mm&r=g","height":96,"width":96}},"publisher":{"@type":"Organization","name":"prohlidni.cz","logo":{"@type":"ImageObject","@id":"\/logo.png","url":"\/logo.png","width":600,"height":60}},"image":{"@type":"ImageObject","@id":"https:\/\/www.prohlidni.cz\/wp-content\/uploads\/img_a322601_w2673_t1534276250.jpg","url":"https:\/\/www.prohlidni.cz\/wp-content\/uploads\/img_a322601_w2673_t1534276250.jpg","height":0,"width":0},"url":"https:\/\/www.prohlidni.cz\/kazdy-jsme-zodpovedny-za-sve-stesti\/","about":["Mu\u017ei"],"wordCount":529,"articleBody":"Snad ka\u017ed\u00fd z n\u00e1s m\u00e1 ve sv\u00e9m okol\u00ed n\u011bkoho, kdo je v\u011b\u010dn\u011b nespokojen\u00fd. Svou nespokojenost tito lid\u00e9 \u010dasto zd\u016fvod\u0148uj\u00ed t\u00edm, \u017ee v\u011bci v jejich \u017eivot\u011b nejsou takov\u00e9, jak by si oni p\u0159edstavovali. V n\u011bkter\u00fdch p\u0159\u00edpadech jde o v\u011bci, kter\u00e9 nelze zm\u011bnit: v takov\u00fdch p\u0159\u00edpadech negativn\u00ed pocity pramen\u00ed z neschopnosti \u010di neochoty p\u0159ijmout skute\u010dnost takovou, jak\u00e1 je. V jin\u00fdch p\u0159\u00edpadech je v\u0161ak zm\u011bna mo\u017en\u00e1, ale lid\u00e9 si neuv\u011bdomuj\u00ed, \u017ee jsou to pr\u00e1v\u011b oni, kdo m\u00e1 tu moc zm\u011bnu prov\u00e9st, nebo o tom u\u017e dop\u0159edu pochybuj\u00ed, ani\u017e by to zkusili. Sv\u00fdm zp\u016fsobem jde o jist\u00fd druh odm\u00edt\u00e1n\u00ed zodpov\u011bdnosti za vlastn\u00ed \u017eivot, ale jak se \u0159\u00edk\u00e1: ka\u017ed\u00fd sv\u00e9ho \u0161t\u011bst\u00ed str\u016fjcem a nic se neud\u011bl\u00e1 samo.&#13; &#13; Chceme-li n\u011bco zm\u011bnit nebo n\u011b\u010deho dos\u00e1hnout, mus\u00edme pro to tak\u00e9 n\u011bco ud\u011blat. A\u010d se to m\u016f\u017ee zd\u00e1t jako ohran\u00e1 fr\u00e1ze, spoust\u011b lid\u00ed chyb\u00ed v\u016fle k vlastn\u00edm \u010din\u016fm. Domn\u00edvaj\u00ed se, \u017ee k nim dobr\u00e9 v\u011bci p\u0159ijdou samy bez toho, aby museli vyvinout jakoukoli snahu. \u0160t\u011bst\u00ed je v\u0161ak t\u0159eba j\u00edt naproti, a kdy\u017e n\u011bco chceme, mus\u00edme tomu n\u011bco ob\u011btovat, minim\u00e1ln\u011b n\u011bjak\u00fd \u010das.&#13; J\u00edt za dobr\u00fdm pocitem &#13; \u0160t\u011bst\u00ed a spokojenost v \u017eivot\u011b p\u0159\u00edmo z\u00e1vis\u00ed na na\u0161ich pocitech. A\u010dkoliv je n\u011bkdy t\u011b\u017ek\u00e9 se v nich vyznat, zjednodu\u0161en\u011b lze \u0159\u00edct, \u017ee aby byl \u010dlov\u011bk \u0161\u0165astn\u00fd, mus\u00ed v\u0161e, co d\u011bl\u00e1, sm\u011b\u0159ovat k dobr\u00fdm pocit\u016fm s t\u00edm, \u017ee na za\u010d\u00e1tku je v\u017edy rozhodnut\u00ed. Rozhodnout se pro n\u011bco je prvn\u00ed a asi i nejd\u016fle\u017eit\u011bj\u0161\u00ed krok. Proto\u017ee kdy\u017e se \u010dlov\u011bk pro n\u011bco opravdu rozhodne, jeho my\u0161len\u00ed automaticky nabere pozitivn\u00ed sm\u011br a n\u00e1maha pot\u0159ebn\u00e1 k dosa\u017een\u00ed k\u00fd\u017een\u00e9ho c\u00edle se najednou zd\u00e1 o dost men\u0161\u00ed p\u0159ek\u00e1\u017ekou. A a\u0165 u\u017e se n\u00e1m poda\u0159\u00ed nebo nepoda\u0159\u00ed dos\u00e1hnout toho, co chceme, samotn\u00e9 sm\u011b\u0159ov\u00e1n\u00ed k c\u00edli je napl\u0148uj\u00edc\u00ed, a\u0165 u\u017e je jakkoli nam\u00e1hav\u00e9. A to si v\u011b\u010dn\u011b nespokojen\u00ed lid\u00e9, neochotn\u00ed n\u011bco ud\u011blat pro to, aby byl jejich \u017eivot \u0161\u0165astn\u011bj\u0161\u00ed, neuv\u011bdomuj\u00ed. M\u00edvaj\u00ed \u010dasto strach ze selh\u00e1n\u00ed, p\u0159esto\u017ee \u0161t\u011bst\u00ed by nem\u011blo b\u00fdt jen n\u00e1razovou z\u00e1le\u017eitost\u00ed prov\u00e1zej\u00edc\u00ed \u00fasp\u011bch, ale m\u011blo by b\u00fdt spojen\u00e9 s ka\u017ed\u00fdm dobr\u00fdm pocitem, i kdy\u017e jsme zrovna ni\u010deho nedos\u00e1hli.&#13; &#13; Pokud tedy pat\u0159\u00edte k lidem, kte\u0159\u00ed jsou v \u017eivot\u011b nespokojen\u00ed a boj\u00ed se ne\u00fasp\u011bchu, ho\u010fte strach za hlavu a s chut\u00ed do toho. I cesta m\u016f\u017ee b\u00fdt c\u00edl a \u010dlov\u011bk, kter\u00fd v\u00e1s m\u016f\u017ee ud\u011blat \u0161\u0165astn\u00fdmi, jste p\u0159edev\u0161\u00edm vy sami. Nespol\u00e9hejte se na to, \u017ee budete m\u00edt \u0161t\u011bst\u00ed v ne\u0161t\u011bst\u00ed.                                                                                                                                                                                                                                                                                                                                                                                                 "},{"@context":"https:\/\/schema.org\/","@type":"BreadcrumbList","itemListElement":[{"@type":"ListItem","position":1,"name":"Ka\u017ed\u00fd jsme zodpov\u011bdn\u00fd za sv\u00e9 \u0161t\u011bst\u00ed","item":"https:\/\/www.prohlidni.cz\/kazdy-jsme-zodpovedny-za-sve-stesti\/#breadcrumbitem"}]}]