[{"@context":"https:\/\/schema.org\/","@type":"Article","@id":"https:\/\/www.prohlidni.cz\/je-pripraven-jejich-siroky-sortiment\/#Article","mainEntityOfPage":"https:\/\/www.prohlidni.cz\/je-pripraven-jejich-siroky-sortiment\/","headline":"Je p\u0159ipraven jejich \u0161irok\u00fd sortiment","name":"Je p\u0159ipraven jejich \u0161irok\u00fd sortiment","description":"Vyberte si z na\u0161\u00ed nab\u00eddky interi\u00e9rov\u00fdch dve\u0159\u00ed. O\u010dek\u00e1vaj\u00ed v\u00e1s ty laminovan\u00e9, vedle nich si m\u016f\u017eete prohl\u00e9dnout ty f\u00f3liovan\u00e9 a k dost\u00e1n\u00ed jsou i ty ka\u0161\u00edrovan\u00e9. V\u0161em z\u00e1kazn\u00edk\u016fm m\u016f\u017eeme doporu\u010dit si je p\u0159ijet k n\u00e1m prohl\u00e9dnout. V\u0161echny je m\u00e1me na sklad\u011b. Kdo bude m\u00edt o n\u011bkter\u00e9 z nich z\u00e1jem, sta\u010d\u00ed se na n\u00e1s obr\u00e1tit. Jsme p\u0159ipraveni [&hellip;]","datePublished":"2024-11-15","dateModified":"2024-11-15","author":{"@type":"Person","@id":"https:\/\/www.prohlidni.cz\/author\/#Person","name":"","url":"https:\/\/www.prohlidni.cz\/author\/","identifier":1,"image":{"@type":"ImageObject","@id":"https:\/\/secure.gravatar.com\/avatar\/325464d7e09ffe52889ba6983accc5cdb65d0a54acd9a25cd7e409bd3eba713a?s=96&d=mm&r=g","url":"https:\/\/secure.gravatar.com\/avatar\/325464d7e09ffe52889ba6983accc5cdb65d0a54acd9a25cd7e409bd3eba713a?s=96&d=mm&r=g","height":96,"width":96}},"publisher":{"@type":"Organization","name":"prohlidni.cz","logo":{"@type":"ImageObject","@id":"\/logo.png","url":"\/logo.png","width":600,"height":60}},"url":"https:\/\/www.prohlidni.cz\/je-pripraven-jejich-siroky-sortiment\/","wordCount":189,"articleBody":"Vyberte si z na\u0161\u00ed nab\u00eddky interi\u00e9rov\u00fdch dve\u0159\u00ed. O\u010dek\u00e1vaj\u00ed v\u00e1s ty laminovan\u00e9, vedle nich si m\u016f\u017eete prohl\u00e9dnout ty f\u00f3liovan\u00e9 a k dost\u00e1n\u00ed jsou i ty ka\u0161\u00edrovan\u00e9. V\u0161em z\u00e1kazn\u00edk\u016fm m\u016f\u017eeme doporu\u010dit si je p\u0159ijet k n\u00e1m prohl\u00e9dnout. V\u0161echny je m\u00e1me na sklad\u011b. Kdo bude m\u00edt o n\u011bkter\u00e9 z nich z\u00e1jem, sta\u010d\u00ed se na n\u00e1s obr\u00e1tit. Jsme p\u0159ipraveni va\u0161e zak\u00e1zky p\u0159evz\u00edt. Jsme tady pro sv\u00e9 z\u00e1kazn\u00edky.Hod\u00ed se do va\u0161ich dom\u00e1cnost\u00ed i kancel\u00e1\u0159\u00edCht\u011bli bychom v\u00e1m nab\u00eddnout na\u0161e vysoce kvalitn\u00ed interi\u00e9rov\u00e9 dve\u0159e. Kdo si je po\u0159\u00edd\u00ed, ur\u010dit\u011b nebude litovat. V\u0161echny spln\u00ed va\u0161e o\u010dek\u00e1v\u00e1n\u00ed. M\u00e1me jich \u0161irokou nab\u00eddku. Z t\u00e9 si m\u016f\u017ee p\u0159ij\u00edt vybrat ka\u017ed\u00fd z\u00e1kazn\u00edk. Pro na\u0161e z\u00e1kazn\u00edky m\u00e1me p\u0159ipravenou i poradenskou slu\u017ebu, kter\u00e1 v\u00e1m odpov\u00ed na v\u0161echny va\u0161e ot\u00e1zky. Jsme tady pro v\u00e1s.                                                                                                                                                                                                                                                                                                                                                                                                "},{"@context":"https:\/\/schema.org\/","@type":"BreadcrumbList","itemListElement":[{"@type":"ListItem","position":1,"name":"Je p\u0159ipraven jejich \u0161irok\u00fd sortiment","item":"https:\/\/www.prohlidni.cz\/je-pripraven-jejich-siroky-sortiment\/#breadcrumbitem"}]}]